{"id":658,"date":"2019-12-06T20:24:45","date_gmt":"2019-12-06T20:24:45","guid":{"rendered":"https:\/\/niezwyciezony.org\/?p=658"},"modified":"2022-06-22T20:26:44","modified_gmt":"2022-06-22T20:26:44","slug":"aktywni-od-dziecka","status":"publish","type":"post","link":"https:\/\/niezwyciezony.org\/index.php\/2019\/12\/06\/aktywni-od-dziecka\/","title":{"rendered":"\u201eAKTYWNI OD DZIECKA\u201d"},"content":{"rendered":"\n<p>Fundacja Niezwyci\u0119\u017cony beneficjentem og\u00f3lnopolskiej kampanii spo\u0142ecznej \u201eAKTYWNI OD DZIECKA\u201d.<\/p>\n\n\n\n<p><strong>Jak wynika z bada\u0144, a\u017c 80 proc. dzieci w Polsce nie spe\u0142nia kryteri\u00f3w \u015awiatowej Organizacji Zdrowia dotycz\u0105cych codziennej, godzinnej aktywno\u015bci ruchowej. Za to ponad 30 proc. o\u015bmiolatk\u00f3w sp\u0119dza przed ekranem telewizora lub komputera dwie godziny w dni szkolne, a po\u0142owa po\u015bwi\u0119ca na ten cel co najmniej trzy godziny w weekendy. Sytuacj\u0119 chce zmieni\u0107 firma VanityStyle (w\u0142a\u015bciciel marek kart sportowych FitProfit i FitSport) &#8211; organizator kampanii informacyjnej AKTYWNI OD DZIECKA. W ramach akcji zosta\u0142y przygotowane m.in. ksi\u0105\u017ceczki-cegie\u0142ki \u201eOdkrywam swoje sportowe pasje\u201d. Ca\u0142kowity doch\u00f3d z ich sprzeda\u017cy zostanie przekazany na wsparcie Fundacji Niezwyci\u0119\u017cony. Szczeg\u00f3\u0142y na stronie&nbsp;<a href=\"http:\/\/www.aktywnioddziecka.pl\/\">AKTYWNI OD DZIECKA<\/a><\/strong><\/p>\n\n\n\n<p>Trzy ksi\u0105\u017ceczki adresowane do dzieci w wieku 3-4, 5-7 oraz 8-9 lat zosta\u0142y stworzone pod nadzorem merytorycznym psycholog Agnieszki Opach. W ka\u017cdej z nich, na 16 stronach, zosta\u0142y zawarte ciekawe propozycje gier i zabaw, opowiastki, kolorowanki i \u0142amig\u0142\u00f3wki, a tak\u017ce inspiracje dla rodzic\u00f3w, jak aktywnie sp\u0119dza\u0107 czas z dzie\u0107mi. Bohater ksi\u0105\u017ceczek &#8211; Mi\u015b Sportu\u015b prezentuje w anga\u017cuj\u0105cy spos\u00f3b najm\u0142odszym r\u00f3\u017cne aktywno\u015bci, pokazuj\u0105c, \u017ce sport mo\u017ce by\u0107 \u015bwietn\u0105 zabaw\u0105 i doskona\u0142\u0105 form\u0105 sp\u0119dzania czasu z r\u00f3wie\u015bnikami. Koszt jednej cegie\u0142ki to tylko 15 z\u0142otych. Ca\u0142kowity doch\u00f3d ze sprzeda\u017cy ksi\u0105\u017ceczek zostanie przekazany na wsparcie naszej Fundacji.<\/p>\n\n\n\n<p>&#8211; Niezmiernie cieszymy si\u0119, \u017ce firma VanityStyle dostrzeg\u0142a dzia\u0142alno\u015b\u0107 naszej Fundacji w zakresie prowadzenia zaj\u0119\u0107 sportowych dla dzieci i zwr\u00f3ci\u0142a si\u0119 do nas z bardzo ciekaw\u0105 form\u0105 wsparcia. Zapraszam serdecznie do zakupu ksi\u0105\u017ceczek z serii \u201eOdkrywam swoje sportowe pasje\u201d, kt\u00f3re mo\u017cna naby\u0107 na stronie&nbsp;<a href=\"http:\/\/www.aktywnioddziecka.pl\/\">AKTYWNI OD DZIECKA<\/a>. \u015arodki pozyskane ze sprzeda\u017cy przeznaczymy m.in. na remont sali, w kt\u00f3rej odbywaj\u0105 si\u0119 zaj\u0119cia sportowe \u2013 m\u00f3wi Jagoda Pisarczyk, prezes zarz\u0105du Fundacji Niezwyci\u0119\u017cony.<\/p>\n\n\n\n<p><strong>Zapewnij swojemu dziecku zdrowie i lepszy start w doros\u0142o\u015b\u0107<\/strong><\/p>\n\n\n\n<p>Celem kampanii AKTYWNI OD DZIECKA jest zwr\u00f3cenie uwagi os\u00f3b doros\u0142ych na rol\u0119 ruchu w prawid\u0142owym rozwoju nie tylko fizycznym, ale r\u00f3wnie\u017c psychicznym i emocjonalnym najm\u0142odszych. Wed\u0142ug organizator\u00f3w akcji to g\u0142\u00f3wnie na opiekunach \u2013 m.in. rodzicach i dziadkach \u2013 spoczywa odpowiedzialno\u015b\u0107 za zach\u0119canie i inspirowanie dzieci do podejmowania aktywno\u015bci o charakterze ruchowym.<\/p>\n\n\n\n<p>&#8211; Cz\u0119sto zapominamy, jak wa\u017cne dla prawid\u0142owego rozwoju zdrowego organizmu i kszta\u0142towania pozytywnych cech charakteru s\u0105 sport i aktywno\u015b\u0107 fizyczna. \u017byjemy w czasach, kiedy komputer, telewizor czy tablet s\u0105 dla naszych dzieci alternatyw\u0105 dla ruchu i zabawy z r\u00f3wie\u015bnikami. Zabiegani i zapracowani, cz\u0119sto przenosimy odpowiedzialno\u015b\u0107 za prawid\u0142owy rozw\u00f3j naszych pociech na plac\u00f3wki o\u015bwiatowe, takie jak szko\u0142y czy przedszkola. Pami\u0119tajmy jednak, \u017ce to przede wszystkim rodzic jest dla dziecka drogowskazem i to jego rol\u0105 jest kszta\u0142towanie w nim pozytywnych wzorc\u00f3w oraz zach\u0119canie do aktywno\u015bci ju\u017c od najm\u0142odszych lat \u2013 m\u00f3wi Joanna Skocze\u0144, prezes zarz\u0105du VanityStyle, firmy, kt\u00f3ra zainicjowa\u0142a kampani\u0119 AKTYWNI OD DZIECKA.<\/p>\n\n\n\n<p>W ramach kampanii zosta\u0142a przygotowana informacyjna strona internetowa&nbsp;<a href=\"http:\/\/www.aktywnioddziecka.pl\/\">AKTYWNI OD DZIECKA<\/a>, z kt\u00f3rej rodzice b\u0119d\u0105 mogli dowiedzie\u0107 si\u0119, jak ruch wp\u0142ywa na rozw\u00f3j psychofizyczny dzieci. Zawarte w serwisie artyku\u0142y, inspiracje i porady ekspert\u00f3w pomog\u0105 im tak\u017ce w przyjazny spos\u00f3b zach\u0119ci\u0107 swoje pociechy do uprawiania sportu i podejmowania aktywno\u015bci o charakterze ruchowym.<\/p>\n\n\n\n<p>&#8211; Polska, pod wzgl\u0119dem aktywno\u015bci dzieci, zajmuje razem z Niemcami, Dani\u0105 i Estoni\u0105 przedostatnie miejsce spo\u015br\u00f3d 17 badanych pod tym k\u0105tem kraj\u00f3w europejskich. Bogactwo rozrywek multimedialnych sprawia, \u017ce rodzicom coraz trudniej jest zach\u0119ci\u0107 swoje pociechy do ruchu. Nie chodzi tylko o zorganizowane zaj\u0119cia sportowe, z kt\u00f3rych \u2013 jak pokazuj\u0105 statystyki \u2013 korzysta w Polsce jedynie nieca\u0142e 20 proc. dzieci, ale r\u00f3wnie\u017c o zabawy na \u015bwie\u017cym powietrzu, jazd\u0119 na rowerze czy gry i zabawy zespo\u0142owe z r\u00f3wie\u015bnikami &#8211; zaznacza Joanna Skocze\u0144. \u2013 Dlatego w\u0142a\u015bnie przygotowali\u015bmy portal aktywnioddziecka.pl, kt\u00f3ry ma by\u0107 wsparciem dla rodzic\u00f3w i opiekun\u00f3w oraz stworzyli\u015bmy ksi\u0105\u017ceczki-cegie\u0142ki \u201eOdkrywam swoje sportowe pasje\u201d b\u0119d\u0105ce \u015bwietnym materia\u0142em zar\u00f3wno do edukacji, jak i zabawy z dzieckiem \u2013 podsumowuje.<\/p>\n","protected":false},"excerpt":{"rendered":"<p>Fundacja Niezwyci\u0119\u017cony beneficjentem og\u00f3lnopolskiej kampanii spo\u0142ecznej \u201eAKTYWNI OD DZIECKA\u201d. Jak wynika z bada\u0144, a\u017c 80 proc. dzieci w Polsce nie spe\u0142nia kryteri\u00f3w \u015awiatowej Organizacji Zdrowia dotycz\u0105cych codziennej, godzinnej aktywno\u015bci ruchowej. Za to ponad 30 proc. o\u015bmiolatk\u00f3w sp\u0119dza przed ekranem telewizora lub komputera dwie godziny w dni szkolne, a po\u0142owa po\u015bwi\u0119ca na ten cel co najmniej &hellip; <a href=\"https:\/\/niezwyciezony.org\/index.php\/2019\/12\/06\/aktywni-od-dziecka\/\" class=\"more-link\">Czytaj dalej<span class=\"screen-reader-text\"> \u201e\u201eAKTYWNI OD DZIECKA\u201d\u201d<\/span><\/a><\/p>\n","protected":false},"author":3,"featured_media":0,"comment_status":"open","ping_status":"open","sticky":false,"template":"","format":"standard","meta":{"footnotes":""},"categories":[1],"class_list":["post-658","post","type-post","status-publish","format-standard","hentry","category-uncategorized"],"better_featured_image":null,"_links":{"self":[{"href":"https:\/\/niezwyciezony.org\/index.php\/wp-json\/wp\/v2\/posts\/658","targetHints":{"allow":["GET"]}}],"collection":[{"href":"https:\/\/niezwyciezony.org\/index.php\/wp-json\/wp\/v2\/posts"}],"about":[{"href":"https:\/\/niezwyciezony.org\/index.php\/wp-json\/wp\/v2\/types\/post"}],"author":[{"embeddable":true,"href":"https:\/\/niezwyciezony.org\/index.php\/wp-json\/wp\/v2\/users\/3"}],"replies":[{"embeddable":true,"href":"https:\/\/niezwyciezony.org\/index.php\/wp-json\/wp\/v2\/comments?post=658"}],"version-history":[{"count":1,"href":"https:\/\/niezwyciezony.org\/index.php\/wp-json\/wp\/v2\/posts\/658\/revisions"}],"predecessor-version":[{"id":659,"href":"https:\/\/niezwyciezony.org\/index.php\/wp-json\/wp\/v2\/posts\/658\/revisions\/659"}],"wp:attachment":[{"href":"https:\/\/niezwyciezony.org\/index.php\/wp-json\/wp\/v2\/media?parent=658"}],"wp:term":[{"taxonomy":"category","embeddable":true,"href":"https:\/\/niezwyciezony.org\/index.php\/wp-json\/wp\/v2\/categories?post=658"}],"curies":[{"name":"wp","href":"https:\/\/api.w.org\/{rel}","templated":true}]}}