{"id":652,"date":"2019-10-31T20:21:14","date_gmt":"2019-10-31T20:21:14","guid":{"rendered":"https:\/\/niezwyciezony.org\/?p=652"},"modified":"2022-06-22T20:22:59","modified_gmt":"2022-06-22T20:22:59","slug":"nowa-podopieczna-fundacji-niezwyciezony-sara-elwart","status":"publish","type":"post","link":"https:\/\/niezwyciezony.org\/index.php\/2019\/10\/31\/nowa-podopieczna-fundacji-niezwyciezony-sara-elwart\/","title":{"rendered":"Nowa podopieczna Fundacji Niezwyci\u0119\u017cony &#8211; Sara Elwart!"},"content":{"rendered":"\n<p>Jest nam niezwykle mi\u0142o poinformowa\u0107, \u017ce Fundacja Niezwyci\u0119\u017cony manow\u0105 podopieczn\u0105 \u2013 Sar\u0119 Elwart. Sara jest 21-letni\u0105 zawodniczk\u0105, aktualn\u0105 mistrzyni\u0105 Polski w karate, aspiruj\u0105c\u0105 do wyst\u0119pu w zawodach olimpijskich w Tokio.<\/p>\n\n\n\n<p>Sara, kt\u00f3ra pochodzi z Tr\u00f3jmiasta, mimo m\u0142odego wieku trenuje ju\u017c od ponad 7 lat. Pierwszy medal na zawodach zdoby\u0142a ju\u017c po trzech miesi\u0105cach trening\u00f3w. Od czterech lat dumnie reprezentuje Polsk\u0119 na arenach mi\u0119dzynarodowych. Sara mo\u017ce poszczyci\u0107 si\u0119 wieloma sukcesami i nagrodami. W 2016 roku wygra\u0142a M\u0142odzie\u017cow\u0105 Lig\u0119 \u015awiatow\u0105, przed dwoma laty zdoby\u0142a Puchar Polski, a w tym roku otrzyma\u0142a br\u0105zowy medal na mistrzostwach Europy w du\u0144skim Aalborg. Obecnie jej najwi\u0119kszym marzeniem jest udzia\u0142 w igrzyskach olimpijskich w Tokio. To w\u0142a\u015bnie w Japonii po raz pierwszy ta dyscyplina sportu zago\u015bci na najwi\u0119kszej imprezie sportowej na \u015bwiecie.<\/p>\n\n\n\n<p>Przygotowania do udzia\u0142u w imprezach sportowych to dla ka\u017cdego sportowca ogromne wyrzeczenia. Dlatego jako Fundacja jeste\u015bmy dumni, \u017ce b\u0119dziemy mogli wesprze\u0107 Sar\u0119 w realizacji jej marze\u0144 i mamy nadziej\u0119, \u017ce ze swoim talentem, uporem i ci\u0119\u017ck\u0105 prac\u0105 zajdzie naprawd\u0119 daleko!<\/p>\n","protected":false},"excerpt":{"rendered":"<p>Jest nam niezwykle mi\u0142o poinformowa\u0107, \u017ce Fundacja Niezwyci\u0119\u017cony manow\u0105 podopieczn\u0105 \u2013 Sar\u0119 Elwart. Sara jest 21-letni\u0105 zawodniczk\u0105, aktualn\u0105 mistrzyni\u0105 Polski w karate, aspiruj\u0105c\u0105 do wyst\u0119pu w zawodach olimpijskich w Tokio. Sara, kt\u00f3ra pochodzi z Tr\u00f3jmiasta, mimo m\u0142odego wieku trenuje ju\u017c od ponad 7 lat. Pierwszy medal na zawodach zdoby\u0142a ju\u017c po trzech miesi\u0105cach trening\u00f3w. Od &hellip; <a href=\"https:\/\/niezwyciezony.org\/index.php\/2019\/10\/31\/nowa-podopieczna-fundacji-niezwyciezony-sara-elwart\/\" class=\"more-link\">Czytaj dalej<span class=\"screen-reader-text\"> \u201eNowa podopieczna Fundacji Niezwyci\u0119\u017cony &#8211; Sara Elwart!\u201d<\/span><\/a><\/p>\n","protected":false},"author":3,"featured_media":0,"comment_status":"open","ping_status":"open","sticky":false,"template":"","format":"standard","meta":{"footnotes":""},"categories":[1],"class_list":["post-652","post","type-post","status-publish","format-standard","hentry","category-uncategorized"],"better_featured_image":null,"_links":{"self":[{"href":"https:\/\/niezwyciezony.org\/index.php\/wp-json\/wp\/v2\/posts\/652","targetHints":{"allow":["GET"]}}],"collection":[{"href":"https:\/\/niezwyciezony.org\/index.php\/wp-json\/wp\/v2\/posts"}],"about":[{"href":"https:\/\/niezwyciezony.org\/index.php\/wp-json\/wp\/v2\/types\/post"}],"author":[{"embeddable":true,"href":"https:\/\/niezwyciezony.org\/index.php\/wp-json\/wp\/v2\/users\/3"}],"replies":[{"embeddable":true,"href":"https:\/\/niezwyciezony.org\/index.php\/wp-json\/wp\/v2\/comments?post=652"}],"version-history":[{"count":1,"href":"https:\/\/niezwyciezony.org\/index.php\/wp-json\/wp\/v2\/posts\/652\/revisions"}],"predecessor-version":[{"id":653,"href":"https:\/\/niezwyciezony.org\/index.php\/wp-json\/wp\/v2\/posts\/652\/revisions\/653"}],"wp:attachment":[{"href":"https:\/\/niezwyciezony.org\/index.php\/wp-json\/wp\/v2\/media?parent=652"}],"wp:term":[{"taxonomy":"category","embeddable":true,"href":"https:\/\/niezwyciezony.org\/index.php\/wp-json\/wp\/v2\/categories?post=652"}],"curies":[{"name":"wp","href":"https:\/\/api.w.org\/{rel}","templated":true}]}}