{"id":650,"date":"2019-08-07T20:20:39","date_gmt":"2019-08-07T20:20:39","guid":{"rendered":"https:\/\/niezwyciezony.org\/?p=650"},"modified":"2023-03-13T15:01:55","modified_gmt":"2023-03-13T15:01:55","slug":"brazowy-medal-rafala","status":"publish","type":"post","link":"https:\/\/niezwyciezony.org\/index.php\/2019\/08\/07\/brazowy-medal-rafala\/","title":{"rendered":"Br\u0105zowy medal Rafa\u0142a"},"content":{"rendered":"\n<p>Rafa\u0142 Krajewski, podopieczny Fundacji, zdoby\u0142 br\u0105zowy medal na mi\u0119dzynarodowych zawodach w 62. Memoriale W\u0142adys\u0142awa Pytlasinskiego w stylu klasycznym, kat. 130 kg! Serdecznie gratulujemy!<\/p>\n\n\n\n<figure class=\"wp-block-gallery has-nested-images columns-default is-cropped wp-block-gallery-1 is-layout-flex wp-block-gallery-is-layout-flex\">\n<figure class=\"wp-block-image size-large\"><img loading=\"lazy\" decoding=\"async\" width=\"1024\" height=\"768\" data-id=\"690\" src=\"https:\/\/niezwyciezony.org\/wp-content\/uploads\/2023\/03\/IMG_6836-1024x768.jpeg\" alt=\"\" class=\"wp-image-690\" srcset=\"https:\/\/niezwyciezony.org\/wp-content\/uploads\/2023\/03\/IMG_6836-1024x768.jpeg 1024w, https:\/\/niezwyciezony.org\/wp-content\/uploads\/2023\/03\/IMG_6836-300x225.jpeg 300w, https:\/\/niezwyciezony.org\/wp-content\/uploads\/2023\/03\/IMG_6836-768x576.jpeg 768w, https:\/\/niezwyciezony.org\/wp-content\/uploads\/2023\/03\/IMG_6836-1536x1152.jpeg 1536w, https:\/\/niezwyciezony.org\/wp-content\/uploads\/2023\/03\/IMG_6836-1200x900.jpeg 1200w, https:\/\/niezwyciezony.org\/wp-content\/uploads\/2023\/03\/IMG_6836.jpeg 1600w\" sizes=\"auto, (max-width: 709px) 85vw, (max-width: 909px) 67vw, (max-width: 1362px) 62vw, 840px\" \/><\/figure>\n<\/figure>\n","protected":false},"excerpt":{"rendered":"<p>Rafa\u0142 Krajewski, podopieczny Fundacji, zdoby\u0142 br\u0105zowy medal na mi\u0119dzynarodowych zawodach w 62. Memoriale W\u0142adys\u0142awa Pytlasinskiego w stylu klasycznym, kat. 130 kg! Serdecznie gratulujemy!<\/p>\n","protected":false},"author":3,"featured_media":0,"comment_status":"open","ping_status":"open","sticky":false,"template":"","format":"standard","meta":{"footnotes":""},"categories":[1],"class_list":["post-650","post","type-post","status-publish","format-standard","hentry","category-uncategorized"],"better_featured_image":null,"_links":{"self":[{"href":"https:\/\/niezwyciezony.org\/index.php\/wp-json\/wp\/v2\/posts\/650","targetHints":{"allow":["GET"]}}],"collection":[{"href":"https:\/\/niezwyciezony.org\/index.php\/wp-json\/wp\/v2\/posts"}],"about":[{"href":"https:\/\/niezwyciezony.org\/index.php\/wp-json\/wp\/v2\/types\/post"}],"author":[{"embeddable":true,"href":"https:\/\/niezwyciezony.org\/index.php\/wp-json\/wp\/v2\/users\/3"}],"replies":[{"embeddable":true,"href":"https:\/\/niezwyciezony.org\/index.php\/wp-json\/wp\/v2\/comments?post=650"}],"version-history":[{"count":3,"href":"https:\/\/niezwyciezony.org\/index.php\/wp-json\/wp\/v2\/posts\/650\/revisions"}],"predecessor-version":[{"id":692,"href":"https:\/\/niezwyciezony.org\/index.php\/wp-json\/wp\/v2\/posts\/650\/revisions\/692"}],"wp:attachment":[{"href":"https:\/\/niezwyciezony.org\/index.php\/wp-json\/wp\/v2\/media?parent=650"}],"wp:term":[{"taxonomy":"category","embeddable":true,"href":"https:\/\/niezwyciezony.org\/index.php\/wp-json\/wp\/v2\/categories?post=650"}],"curies":[{"name":"wp","href":"https:\/\/api.w.org\/{rel}","templated":true}]}}