{"id":325,"date":"2018-07-02T09:49:32","date_gmt":"2018-07-02T09:49:32","guid":{"rendered":"https:\/\/niezwyciezony.org\/?p=325"},"modified":"2022-06-21T09:54:39","modified_gmt":"2022-06-21T09:54:39","slug":"brawo-dla-naszego-mistrza","status":"publish","type":"post","link":"https:\/\/niezwyciezony.org\/index.php\/2018\/07\/02\/brawo-dla-naszego-mistrza\/","title":{"rendered":"Brawo dla naszego mistrza!"},"content":{"rendered":"\n<p>Brawo dla naszego mistrza- Rafa\u0142a Krajewskiego! B\u0105d\u017amy dumni ze zwyci\u0119stwa zdobytego podczas Mistrzostw Polski Senior\u00f3w, kt\u00f3re odby\u0142y si\u0119 w dniach 22-23.06 w Radomiu. Nasz podopieczny, w walce fina\u0142owej, po\u0142o\u017cy\u0142 na \u0142opatki swojego przeciwnika i tym samym po 8 latach z\u0142oto w kat. 130kg wr\u00f3ci\u0142o do Warszawy \ud83d\ude42<\/p>\n","protected":false},"excerpt":{"rendered":"<p>Brawo dla naszego mistrza- Rafa\u0142a Krajewskiego! B\u0105d\u017amy dumni ze zwyci\u0119stwa zdobytego podczas Mistrzostw Polski Senior\u00f3w, kt\u00f3re odby\u0142y si\u0119 w dniach 22-23.06 w Radomiu. Nasz podopieczny, w walce fina\u0142owej, po\u0142o\u017cy\u0142 na \u0142opatki swojego przeciwnika i tym samym po 8 latach z\u0142oto w kat. 130kg wr\u00f3ci\u0142o do Warszawy \ud83d\ude42<\/p>\n","protected":false},"author":3,"featured_media":0,"comment_status":"open","ping_status":"open","sticky":false,"template":"","format":"standard","meta":{"footnotes":""},"categories":[1],"class_list":["post-325","post","type-post","status-publish","format-standard","hentry","category-uncategorized"],"better_featured_image":null,"_links":{"self":[{"href":"https:\/\/niezwyciezony.org\/index.php\/wp-json\/wp\/v2\/posts\/325","targetHints":{"allow":["GET"]}}],"collection":[{"href":"https:\/\/niezwyciezony.org\/index.php\/wp-json\/wp\/v2\/posts"}],"about":[{"href":"https:\/\/niezwyciezony.org\/index.php\/wp-json\/wp\/v2\/types\/post"}],"author":[{"embeddable":true,"href":"https:\/\/niezwyciezony.org\/index.php\/wp-json\/wp\/v2\/users\/3"}],"replies":[{"embeddable":true,"href":"https:\/\/niezwyciezony.org\/index.php\/wp-json\/wp\/v2\/comments?post=325"}],"version-history":[{"count":1,"href":"https:\/\/niezwyciezony.org\/index.php\/wp-json\/wp\/v2\/posts\/325\/revisions"}],"predecessor-version":[{"id":326,"href":"https:\/\/niezwyciezony.org\/index.php\/wp-json\/wp\/v2\/posts\/325\/revisions\/326"}],"wp:attachment":[{"href":"https:\/\/niezwyciezony.org\/index.php\/wp-json\/wp\/v2\/media?parent=325"}],"wp:term":[{"taxonomy":"category","embeddable":true,"href":"https:\/\/niezwyciezony.org\/index.php\/wp-json\/wp\/v2\/categories?post=325"}],"curies":[{"name":"wp","href":"https:\/\/api.w.org\/{rel}","templated":true}]}}