{"id":253,"date":"2015-08-01T09:29:19","date_gmt":"2015-08-01T09:29:19","guid":{"rendered":"https:\/\/niezwyciezony.org\/?p=253"},"modified":"2022-06-21T09:33:04","modified_gmt":"2022-06-21T09:33:04","slug":"zakonczenie-lata-w-miescie","status":"publish","type":"post","link":"https:\/\/niezwyciezony.org\/index.php\/2015\/08\/01\/zakonczenie-lata-w-miescie\/","title":{"rendered":"Zako\u0144czenie Lata w Mie\u015bcie"},"content":{"rendered":"\n<p>31.07.2015 zako\u0144czyli\u015bmy zaj\u0119cia sportowe w ramach akcji &#8222;Lato w Mie\u015bcie&#8221;. Treningi odbywa\u0142y si\u0119 przez ca\u0142y lipiec, trzy razy w tygodniu po dwie godziny. Z ka\u017cdym tygodniem przychodzi\u0142o na zaj\u0119cia coraz wi\u0119cej dzieci. Odwiedzi\u0142y nas m.in.: Zesp\u00f3\u0142 Szk\u00f3\u0142 ne 84, Zesp\u00f3\u0142 Szk\u00f3\u0142 Integracyjnych nr 75, Szko\u0142a Podstawowa nr 72, Szko\u0142a Podstawowa nr 185, Towarzystwo Przyjaci\u00f3\u0142 Dzieci Warszawa Praga Po\u0142udnie, \u015awietlica: Przysta\u0144 po Szkole, jak r\u00f3wnie\u017c dzieci z najbli\u017cszej okolicy. Rado\u015b\u0107 i entuzjazm dzieci z udzia\u0142u w treningach sprawi\u0142y, \u017ce nasze pierwsze &#8222;Lato w Mie\u015bcie z Fundacj\u0105 Niezwyci\u0119\u017cony&#8221; mo\u017cna uzna\u0107 za udane. Dodatkowo naszym du\u017cym sukcesem jest ilo\u015b\u0107 dzieci, jaka chcia\u0142a wzi\u0105\u0107 udzia\u0142 w naszych zaj\u0119ciach. \u0141\u0105cznie odwiedzi\u0142o nas 201 dzieci!!!<\/p>\n","protected":false},"excerpt":{"rendered":"<p>31.07.2015 zako\u0144czyli\u015bmy zaj\u0119cia sportowe w ramach akcji &#8222;Lato w Mie\u015bcie&#8221;. Treningi odbywa\u0142y si\u0119 przez ca\u0142y lipiec, trzy razy w tygodniu po dwie godziny. Z ka\u017cdym tygodniem przychodzi\u0142o na zaj\u0119cia coraz wi\u0119cej dzieci. Odwiedzi\u0142y nas m.in.: Zesp\u00f3\u0142 Szk\u00f3\u0142 ne 84, Zesp\u00f3\u0142 Szk\u00f3\u0142 Integracyjnych nr 75, Szko\u0142a Podstawowa nr 72, Szko\u0142a Podstawowa nr 185, Towarzystwo Przyjaci\u00f3\u0142 Dzieci &hellip; <a href=\"https:\/\/niezwyciezony.org\/index.php\/2015\/08\/01\/zakonczenie-lata-w-miescie\/\" class=\"more-link\">Czytaj dalej<span class=\"screen-reader-text\"> \u201eZako\u0144czenie Lata w Mie\u015bcie\u201d<\/span><\/a><\/p>\n","protected":false},"author":3,"featured_media":0,"comment_status":"open","ping_status":"open","sticky":false,"template":"","format":"standard","meta":{"footnotes":""},"categories":[1],"class_list":["post-253","post","type-post","status-publish","format-standard","hentry","category-uncategorized"],"better_featured_image":null,"_links":{"self":[{"href":"https:\/\/niezwyciezony.org\/index.php\/wp-json\/wp\/v2\/posts\/253","targetHints":{"allow":["GET"]}}],"collection":[{"href":"https:\/\/niezwyciezony.org\/index.php\/wp-json\/wp\/v2\/posts"}],"about":[{"href":"https:\/\/niezwyciezony.org\/index.php\/wp-json\/wp\/v2\/types\/post"}],"author":[{"embeddable":true,"href":"https:\/\/niezwyciezony.org\/index.php\/wp-json\/wp\/v2\/users\/3"}],"replies":[{"embeddable":true,"href":"https:\/\/niezwyciezony.org\/index.php\/wp-json\/wp\/v2\/comments?post=253"}],"version-history":[{"count":1,"href":"https:\/\/niezwyciezony.org\/index.php\/wp-json\/wp\/v2\/posts\/253\/revisions"}],"predecessor-version":[{"id":254,"href":"https:\/\/niezwyciezony.org\/index.php\/wp-json\/wp\/v2\/posts\/253\/revisions\/254"}],"wp:attachment":[{"href":"https:\/\/niezwyciezony.org\/index.php\/wp-json\/wp\/v2\/media?parent=253"}],"wp:term":[{"taxonomy":"category","embeddable":true,"href":"https:\/\/niezwyciezony.org\/index.php\/wp-json\/wp\/v2\/categories?post=253"}],"curies":[{"name":"wp","href":"https:\/\/api.w.org\/{rel}","templated":true}]}}