{"id":250,"date":"2015-06-19T09:25:24","date_gmt":"2015-06-19T09:25:24","guid":{"rendered":"https:\/\/niezwyciezony.org\/?p=250"},"modified":"2022-06-21T09:28:44","modified_gmt":"2022-06-21T09:28:44","slug":"rozpoczecie-lata-w-miescie","status":"publish","type":"post","link":"https:\/\/niezwyciezony.org\/index.php\/2015\/06\/19\/rozpoczecie-lata-w-miescie\/","title":{"rendered":"Rozpocz\u0119cie Lata w Mie\u015bcie"},"content":{"rendered":"\n<p>1.07.2015 w godz. 10.00-14.00 na Agrykoli odb\u0119dzie si\u0119 uroczysta Inauguracja Programu &#8222;Lato w Mie\u015bcie 2015&#8221;<\/p>\n","protected":false},"excerpt":{"rendered":"<p>1.07.2015 w godz. 10.00-14.00 na Agrykoli odb\u0119dzie si\u0119 uroczysta Inauguracja Programu &#8222;Lato w Mie\u015bcie 2015&#8221;<\/p>\n","protected":false},"author":3,"featured_media":0,"comment_status":"open","ping_status":"open","sticky":false,"template":"","format":"standard","meta":{"footnotes":""},"categories":[1],"class_list":["post-250","post","type-post","status-publish","format-standard","hentry","category-uncategorized"],"better_featured_image":null,"_links":{"self":[{"href":"https:\/\/niezwyciezony.org\/index.php\/wp-json\/wp\/v2\/posts\/250","targetHints":{"allow":["GET"]}}],"collection":[{"href":"https:\/\/niezwyciezony.org\/index.php\/wp-json\/wp\/v2\/posts"}],"about":[{"href":"https:\/\/niezwyciezony.org\/index.php\/wp-json\/wp\/v2\/types\/post"}],"author":[{"embeddable":true,"href":"https:\/\/niezwyciezony.org\/index.php\/wp-json\/wp\/v2\/users\/3"}],"replies":[{"embeddable":true,"href":"https:\/\/niezwyciezony.org\/index.php\/wp-json\/wp\/v2\/comments?post=250"}],"version-history":[{"count":1,"href":"https:\/\/niezwyciezony.org\/index.php\/wp-json\/wp\/v2\/posts\/250\/revisions"}],"predecessor-version":[{"id":251,"href":"https:\/\/niezwyciezony.org\/index.php\/wp-json\/wp\/v2\/posts\/250\/revisions\/251"}],"wp:attachment":[{"href":"https:\/\/niezwyciezony.org\/index.php\/wp-json\/wp\/v2\/media?parent=250"}],"wp:term":[{"taxonomy":"category","embeddable":true,"href":"https:\/\/niezwyciezony.org\/index.php\/wp-json\/wp\/v2\/categories?post=250"}],"curies":[{"name":"wp","href":"https:\/\/api.w.org\/{rel}","templated":true}]}}