{"id":248,"date":"2015-06-19T09:24:55","date_gmt":"2015-06-19T09:24:55","guid":{"rendered":"https:\/\/niezwyciezony.org\/?p=248"},"modified":"2022-06-21T09:28:37","modified_gmt":"2022-06-21T09:28:37","slug":"lato-w-miescie","status":"publish","type":"post","link":"https:\/\/niezwyciezony.org\/index.php\/2015\/06\/19\/lato-w-miescie\/","title":{"rendered":"Lato w Mie\u015bcie"},"content":{"rendered":"\n<p>W terminie od 1 do 31 lipca 2015 w Fundacji Niezwyci\u0119\u017cony organizowane s\u0105 zaj\u0119cia sportowe ze sztuk walki w ramach akcji Lato w Mie\u015bcie. Zaj\u0119cia odbywa\u0107 si\u0119 b\u0119d\u0105 w poniedzia\u0142ek, \u015broda, pi\u0105tek w godzinach 10.00 &#8211; 11.00 i 11.00 &#8211; 12.00. Treningi przewidziane s\u0105 dla dzieci i m\u0142odzie\u017cy powy\u017cej 10 lat. Zaj\u0119cia s\u0105 bezp\u0142atne. Serdecznie zapraszamy!<\/p>\n","protected":false},"excerpt":{"rendered":"<p>W terminie od 1 do 31 lipca 2015 w Fundacji Niezwyci\u0119\u017cony organizowane s\u0105 zaj\u0119cia sportowe ze sztuk walki w ramach akcji Lato w Mie\u015bcie. Zaj\u0119cia odbywa\u0107 si\u0119 b\u0119d\u0105 w poniedzia\u0142ek, \u015broda, pi\u0105tek w godzinach 10.00 &#8211; 11.00 i 11.00 &#8211; 12.00. Treningi przewidziane s\u0105 dla dzieci i m\u0142odzie\u017cy powy\u017cej 10 lat. Zaj\u0119cia s\u0105 bezp\u0142atne. Serdecznie &hellip; <a href=\"https:\/\/niezwyciezony.org\/index.php\/2015\/06\/19\/lato-w-miescie\/\" class=\"more-link\">Czytaj dalej<span class=\"screen-reader-text\"> \u201eLato w Mie\u015bcie\u201d<\/span><\/a><\/p>\n","protected":false},"author":3,"featured_media":0,"comment_status":"open","ping_status":"open","sticky":false,"template":"","format":"standard","meta":{"footnotes":""},"categories":[1],"class_list":["post-248","post","type-post","status-publish","format-standard","hentry","category-uncategorized"],"better_featured_image":null,"_links":{"self":[{"href":"https:\/\/niezwyciezony.org\/index.php\/wp-json\/wp\/v2\/posts\/248","targetHints":{"allow":["GET"]}}],"collection":[{"href":"https:\/\/niezwyciezony.org\/index.php\/wp-json\/wp\/v2\/posts"}],"about":[{"href":"https:\/\/niezwyciezony.org\/index.php\/wp-json\/wp\/v2\/types\/post"}],"author":[{"embeddable":true,"href":"https:\/\/niezwyciezony.org\/index.php\/wp-json\/wp\/v2\/users\/3"}],"replies":[{"embeddable":true,"href":"https:\/\/niezwyciezony.org\/index.php\/wp-json\/wp\/v2\/comments?post=248"}],"version-history":[{"count":1,"href":"https:\/\/niezwyciezony.org\/index.php\/wp-json\/wp\/v2\/posts\/248\/revisions"}],"predecessor-version":[{"id":249,"href":"https:\/\/niezwyciezony.org\/index.php\/wp-json\/wp\/v2\/posts\/248\/revisions\/249"}],"wp:attachment":[{"href":"https:\/\/niezwyciezony.org\/index.php\/wp-json\/wp\/v2\/media?parent=248"}],"wp:term":[{"taxonomy":"category","embeddable":true,"href":"https:\/\/niezwyciezony.org\/index.php\/wp-json\/wp\/v2\/categories?post=248"}],"curies":[{"name":"wp","href":"https:\/\/api.w.org\/{rel}","templated":true}]}}