{"id":232,"date":"2015-03-10T09:18:34","date_gmt":"2015-03-10T09:18:34","guid":{"rendered":"https:\/\/niezwyciezony.org\/?p=232"},"modified":"2022-06-21T09:21:00","modified_gmt":"2022-06-21T09:21:00","slug":"rok-treningow-za-nami","status":"publish","type":"post","link":"https:\/\/niezwyciezony.org\/index.php\/2015\/03\/10\/rok-treningow-za-nami\/","title":{"rendered":"Rok trening\u00f3w za nami :)"},"content":{"rendered":"\n<p>10.03.2015 to wyj\u0105tkowy dzie\u0144 dla Fundacji Niezwyci\u0119\u017cony, poniewa\u017c r\u00f3wno rok temu odby\u0142 si\u0119 pierwszy trening w lokalu na ul. T. Sygiety\u0144skiego. Z wielk\u0105 przyjemno\u015bci\u0105 mo\u017cemy poinformowa\u0107, \u017ce Fundacja ma swoich wiernych mi\u0142o\u015bnik\u00f3w. Obecnie w Fundacji prowadzone s\u0105 zaj\u0119cia dla trzech grup treningowych: m\u0142odzie\u017cy, kobiet i m\u0119\u017cczyzn. Odbywaj\u0105 si\u0119 te\u017c treningi indywidualne. I co najwa\u017cniejsze Fundacja ma ju\u017c kilkunastu podopiecznych : ) Od niedawna wspieramy zawodniczk\u0119 karate Martyn\u0119 Czubaszek, kt\u00f3ra trenuje pod okiem trenera Janusza Harasty. Dla grupy m\u0142odzie\u017cy b\u0119d\u0105cej pod opiek\u0105 pana Karola Ko\u0142byk ze Stowarzyszenia Wsp\u00f3lne Podw\u00f3rko prowadzimy zaj\u0119cia sportowe. Chcia\u0142am wszystkim bardzo podzi\u0119kowa\u0107 za wsparcie i pomoc udzielone nam w ci\u0105gu minionego roku \ud83d\ude42<\/p>\n","protected":false},"excerpt":{"rendered":"<p>10.03.2015 to wyj\u0105tkowy dzie\u0144 dla Fundacji Niezwyci\u0119\u017cony, poniewa\u017c r\u00f3wno rok temu odby\u0142 si\u0119 pierwszy trening w lokalu na ul. T. Sygiety\u0144skiego. Z wielk\u0105 przyjemno\u015bci\u0105 mo\u017cemy poinformowa\u0107, \u017ce Fundacja ma swoich wiernych mi\u0142o\u015bnik\u00f3w. Obecnie w Fundacji prowadzone s\u0105 zaj\u0119cia dla trzech grup treningowych: m\u0142odzie\u017cy, kobiet i m\u0119\u017cczyzn. Odbywaj\u0105 si\u0119 te\u017c treningi indywidualne. I co najwa\u017cniejsze Fundacja &hellip; <a href=\"https:\/\/niezwyciezony.org\/index.php\/2015\/03\/10\/rok-treningow-za-nami\/\" class=\"more-link\">Czytaj dalej<span class=\"screen-reader-text\"> \u201eRok trening\u00f3w za nami :)\u201d<\/span><\/a><\/p>\n","protected":false},"author":3,"featured_media":0,"comment_status":"open","ping_status":"open","sticky":false,"template":"","format":"standard","meta":{"footnotes":""},"categories":[1],"class_list":["post-232","post","type-post","status-publish","format-standard","hentry","category-uncategorized"],"better_featured_image":null,"_links":{"self":[{"href":"https:\/\/niezwyciezony.org\/index.php\/wp-json\/wp\/v2\/posts\/232","targetHints":{"allow":["GET"]}}],"collection":[{"href":"https:\/\/niezwyciezony.org\/index.php\/wp-json\/wp\/v2\/posts"}],"about":[{"href":"https:\/\/niezwyciezony.org\/index.php\/wp-json\/wp\/v2\/types\/post"}],"author":[{"embeddable":true,"href":"https:\/\/niezwyciezony.org\/index.php\/wp-json\/wp\/v2\/users\/3"}],"replies":[{"embeddable":true,"href":"https:\/\/niezwyciezony.org\/index.php\/wp-json\/wp\/v2\/comments?post=232"}],"version-history":[{"count":1,"href":"https:\/\/niezwyciezony.org\/index.php\/wp-json\/wp\/v2\/posts\/232\/revisions"}],"predecessor-version":[{"id":233,"href":"https:\/\/niezwyciezony.org\/index.php\/wp-json\/wp\/v2\/posts\/232\/revisions\/233"}],"wp:attachment":[{"href":"https:\/\/niezwyciezony.org\/index.php\/wp-json\/wp\/v2\/media?parent=232"}],"wp:term":[{"taxonomy":"category","embeddable":true,"href":"https:\/\/niezwyciezony.org\/index.php\/wp-json\/wp\/v2\/categories?post=232"}],"curies":[{"name":"wp","href":"https:\/\/api.w.org\/{rel}","templated":true}]}}