{"id":173,"date":"2021-09-28T22:10:00","date_gmt":"2021-09-28T22:10:00","guid":{"rendered":"https:\/\/niezwyciezony.org\/?p=173"},"modified":"2022-06-20T22:11:26","modified_gmt":"2022-06-20T22:11:26","slug":"rafal-krajewski-mistrzem-polski-seniorow","status":"publish","type":"post","link":"https:\/\/niezwyciezony.org\/index.php\/2021\/09\/28\/rafal-krajewski-mistrzem-polski-seniorow\/","title":{"rendered":"Rafa\u0142 Krajewski Mistrzem Polski Senior\u00f3w"},"content":{"rendered":"\n<p>W Kostrzyniu Nad Odra odby\u0142y si\u0119 XCI Mistrzostwa Polski senior\u00f3w, w kt\u00f3rych Rafa\u0142 Krajewski, podopieczny Fundacji Niezwyci\u0119\u017cony po raz czwarty z rz\u0119du zdoby\u0142 z\u0142oty medal. Rafa\u0142 okaza\u0142 si\u0119 bezkonkurencyjny w kategorii najci\u0119\u017cszej do 130 kg. Zawodnik nie straci\u0142 \u017cadnego punktu technicznego w walce i ka\u017cd\u0105 walk\u0119 uko\u0144czy\u0142 przed czasem. Mistrzostwa polski by\u0142y eliminacj\u0105 do zbli\u017caj\u0105cych si\u0119 Mistrzostw \u015awiata w Oslo, kt\u00f3re odb\u0119d\u0105 si\u0119 8 pa\u017adziernika. Serdecznie gratulujemy Rafa\u0142owi i trzymamy kciuki za wygran\u0105 na Mistrzostwach Polski.<\/p>\n","protected":false},"excerpt":{"rendered":"<p>W Kostrzyniu Nad Odra odby\u0142y si\u0119 XCI Mistrzostwa Polski senior\u00f3w, w kt\u00f3rych Rafa\u0142 Krajewski, podopieczny Fundacji Niezwyci\u0119\u017cony po raz czwarty z rz\u0119du zdoby\u0142 z\u0142oty medal. Rafa\u0142 okaza\u0142 si\u0119 bezkonkurencyjny w kategorii najci\u0119\u017cszej do 130 kg. Zawodnik nie straci\u0142 \u017cadnego punktu technicznego w walce i ka\u017cd\u0105 walk\u0119 uko\u0144czy\u0142 przed czasem. Mistrzostwa polski by\u0142y eliminacj\u0105 do zbli\u017caj\u0105cych &hellip; <a href=\"https:\/\/niezwyciezony.org\/index.php\/2021\/09\/28\/rafal-krajewski-mistrzem-polski-seniorow\/\" class=\"more-link\">Czytaj dalej<span class=\"screen-reader-text\"> \u201eRafa\u0142 Krajewski Mistrzem Polski Senior\u00f3w\u201d<\/span><\/a><\/p>\n","protected":false},"author":1,"featured_media":0,"comment_status":"open","ping_status":"open","sticky":false,"template":"","format":"standard","meta":{"footnotes":""},"categories":[1],"class_list":["post-173","post","type-post","status-publish","format-standard","hentry","category-uncategorized"],"better_featured_image":null,"_links":{"self":[{"href":"https:\/\/niezwyciezony.org\/index.php\/wp-json\/wp\/v2\/posts\/173","targetHints":{"allow":["GET"]}}],"collection":[{"href":"https:\/\/niezwyciezony.org\/index.php\/wp-json\/wp\/v2\/posts"}],"about":[{"href":"https:\/\/niezwyciezony.org\/index.php\/wp-json\/wp\/v2\/types\/post"}],"author":[{"embeddable":true,"href":"https:\/\/niezwyciezony.org\/index.php\/wp-json\/wp\/v2\/users\/1"}],"replies":[{"embeddable":true,"href":"https:\/\/niezwyciezony.org\/index.php\/wp-json\/wp\/v2\/comments?post=173"}],"version-history":[{"count":1,"href":"https:\/\/niezwyciezony.org\/index.php\/wp-json\/wp\/v2\/posts\/173\/revisions"}],"predecessor-version":[{"id":174,"href":"https:\/\/niezwyciezony.org\/index.php\/wp-json\/wp\/v2\/posts\/173\/revisions\/174"}],"wp:attachment":[{"href":"https:\/\/niezwyciezony.org\/index.php\/wp-json\/wp\/v2\/media?parent=173"}],"wp:term":[{"taxonomy":"category","embeddable":true,"href":"https:\/\/niezwyciezony.org\/index.php\/wp-json\/wp\/v2\/categories?post=173"}],"curies":[{"name":"wp","href":"https:\/\/api.w.org\/{rel}","templated":true}]}}